{"id":6409,"date":"2022-01-27T14:49:47","date_gmt":"2022-01-27T13:49:47","guid":{"rendered":"https:\/\/elisa-willet.com\/?p=6409"},"modified":"2022-01-27T14:49:47","modified_gmt":"2022-01-27T13:49:47","slug":"les-huiles-essentielles-speciales-hiver","status":"publish","type":"post","link":"https:\/\/elisa-willet.com\/index.php\/2022\/01\/27\/les-huiles-essentielles-speciales-hiver\/","title":{"rendered":"Les huiles essentielles sp\u00e9ciales hiver"},"content":{"rendered":"<p>Les huiles essentielles sp\u00e9cial hiver\u2744\ufe0f\u2728<\/p>\n<p>.Elles renforcent le syst\u00e8me immunitaire, expectorantes, antivirales, bact\u00e9ricides et anti-infectieuses.<\/p>\n<p>*Synergie de base:<br \/>\n\u00c0 parts \u00e9gales:<br \/>\n&#8211; HE de ravintsara<br \/>\n&#8211; HE d\u2019eucalyptus radiata<br \/>\n&#8211; HE de niaouli<\/p>\n<p>*En tisane<br \/>\n1 goutte de chacune des HE de la synergie de base dans 1 Cuil \u00e0 soupe de miel de thym \u00e0 diluer le tout dans une tasse d\u2019eau chaude.<\/p>\n<p>Ce m\u00e9lange permet de r\u00e9duire la dur\u00e9e et la force de l\u2019infection,<br \/>\nEn curatif, \u00e0 prendre 3 fois\/j pendant 1 semaine.<\/p>\n<p>*En massage<br \/>\nEn cas de glaires de difficult\u00e9s respiratoires et de d\u00e9but de mal de gorge.<br \/>\nM\u00e9langez la synergie de base avec une huile v\u00e9g\u00e9tale \u00e0 raison de 10 gouttes D\u2019HE pour 1 cuil \u00e0 soupe d\u2019huile v\u00e9g\u00e9tale.<br \/>\nMassez en mouvements circulaires au niveau du thorax, du cou et sur les ganglions au niveau du cou.<\/p>\n<p>Attention\u26a0\ufe0f<br \/>\n\u00c0 proscrire chez les femmes enceintes ou allaitantes et les enfants de moins de 3 ans.<br \/>\n\u00c0 vous de jouer\ud83d\ude09\u2744\ufe0f<br \/>\n.<br \/>\n.<br \/>\n.<br \/>\n<a class=\" xil3i\" tabindex=\"0\" href=\"https:\/\/www.instagram.com\/explore\/tags\/huilesessentielles\/\">#huilesessentielles<\/a>\u00a0<a class=\" xil3i\" tabindex=\"0\" href=\"https:\/\/www.instagram.com\/explore\/tags\/hiver\/\">#hiver<\/a>\u00a0<a class=\" xil3i\" tabindex=\"0\" href=\"https:\/\/www.instagram.com\/explore\/tags\/massage\/\">#massage<\/a>\u00a0<a class=\" xil3i\" tabindex=\"0\" href=\"https:\/\/www.instagram.com\/explore\/tags\/bienetre\/\">#bienetre<\/a>\u00a0<a class=\" xil3i\" tabindex=\"0\" href=\"https:\/\/www.instagram.com\/explore\/tags\/naturopathieholistique\/\">#naturopathieholistique<\/a><\/p>\n","protected":false},"excerpt":{"rendered":"<p>Les huiles essentielles sp\u00e9cial hiver\u2744\ufe0f\u2728 .Elles renforcent le syst\u00e8me immunitaire, expectorantes, antivirales, bact\u00e9ricides et anti-infectieuses. *Synergie de base: \u00c0 parts \u00e9gales: &#8211; HE de ravintsara &#8211; HE d\u2019eucalyptus radiata &#8211; HE de niaouli *En tisane 1 goutte de chacune des HE de la synergie de base dans 1 Cuil \u00e0 soupe de miel de thym [&hellip;]<\/p>\n","protected":false},"author":1,"featured_media":0,"comment_status":"closed","ping_status":"closed","sticky":false,"template":"","format":"standard","meta":[],"categories":[16],"tags":[],"_links":{"self":[{"href":"https:\/\/elisa-willet.com\/index.php\/wp-json\/wp\/v2\/posts\/6409"}],"collection":[{"href":"https:\/\/elisa-willet.com\/index.php\/wp-json\/wp\/v2\/posts"}],"about":[{"href":"https:\/\/elisa-willet.com\/index.php\/wp-json\/wp\/v2\/types\/post"}],"author":[{"embeddable":true,"href":"https:\/\/elisa-willet.com\/index.php\/wp-json\/wp\/v2\/users\/1"}],"replies":[{"embeddable":true,"href":"https:\/\/elisa-willet.com\/index.php\/wp-json\/wp\/v2\/comments?post=6409"}],"version-history":[{"count":2,"href":"https:\/\/elisa-willet.com\/index.php\/wp-json\/wp\/v2\/posts\/6409\/revisions"}],"predecessor-version":[{"id":6411,"href":"https:\/\/elisa-willet.com\/index.php\/wp-json\/wp\/v2\/posts\/6409\/revisions\/6411"}],"wp:attachment":[{"href":"https:\/\/elisa-willet.com\/index.php\/wp-json\/wp\/v2\/media?parent=6409"}],"wp:term":[{"taxonomy":"category","embeddable":true,"href":"https:\/\/elisa-willet.com\/index.php\/wp-json\/wp\/v2\/categories?post=6409"},{"taxonomy":"post_tag","embeddable":true,"href":"https:\/\/elisa-willet.com\/index.php\/wp-json\/wp\/v2\/tags?post=6409"}],"curies":[{"name":"wp","href":"https:\/\/api.w.org\/{rel}","templated":true}]}}